{"id":59,"date":"2020-05-18T21:48:07","date_gmt":"2020-05-18T19:48:07","guid":{"rendered":"https:\/\/skolskilist.trema.hr\/?p=59"},"modified":"2021-05-17T09:10:19","modified_gmt":"2021-05-17T07:10:19","slug":"ana-pirsic","status":"publish","type":"post","link":"https:\/\/skolskilist.trema.hr\/?p=59","title":{"rendered":"Te\u0161ko\u0107e mi predstavljaju izazov, a svaka prepreka koju savladam jedna je mala pobjeda"},"content":{"rendered":"<p><strong>\u00a0<\/strong><\/p>\n<p>Napisala: Ivana\u00a0 Marelja, 1.F<\/p>\n<p><strong>Razgovor s profesoricom hrvatskoga jezika i knji\u017eevnosti, Anom Pir\u0161i\u0107 koja ponosno ve\u0107 33 godine \u017eivi svoj posao.<\/strong><\/p>\n<p>\u00a0<\/p>\n<p><strong>Mo\u017eete li se predstaviti i re\u0107i nam ne\u0161to vi\u0161e o sebi, o svome privatnom \u017eivotu? \u0160to volite raditi u slobodno vrijeme?<\/strong><\/p>\n<p>Ne znam koliko slu\u017ebeno mora biti predstavljanje jer \u0107e u naslovu pisati Intervju s prof. Anom Pir\u0161i\u0107, ali poku\u0161at \u0107u najkra\u0107e: profesor Hrvatskoga jezika i knji\u017eevnosti, supruga, majka i odnedavno dvostruka baka. Volim kuhati, pe\u0107i kola\u010de, \u010ditati kriminalisti\u010dke romane i baviti se cvije\u0107em. U ku\u0107i imam pravi mali\/veliki zeleni vrt. Moj posao je moj hobi.<\/p>\n<p><strong>Koje ste \u0161kole poha\u0111ali? Kakav u\u010denik ste bili?<\/strong><\/p>\n<p>Zavr\u0161ila sam prve dvije godine srednjo\u0161kolskog obrazovanja u gimnaziji \u201e\u0106iro Gamulin\u201d, a druge dvije u gimnaziji \u201eVladimir Nazor\u201d, mada u moje vrijeme nisu nosile ta imena. Bila sam odli\u010dan u\u010denik, oslobo\u0111ena polaganja mature. Danas biste rekli \u2013 \u0161treberica, \u010dini mi se da sam to i ostala. Diplomirala sam na Filozofskom fakultetu u Zagrebu davne 1986. godine.<\/p>\n<p><strong>\u0160to ste htjeli postati kao dijete? Jeste li oduvijek htjeli biti profesor ili ipak ne\u0161to drugo?<\/strong><\/p>\n<p>Oduvijek sam htjela biti profesor. Mislim da tu postoji i neka obiteljska crta jer su moji roditelji bili profesori, a uz to djed po tati bio je profesor Matematike, a po mami profesor Latinskoga jezika, tako da smo sestra i ja oti\u0161le na tu stranu.<\/p>\n<p><strong>Za\u0161to Hrvatski jezik?<\/strong><\/p>\n<p>Od kada znam za sebe, volim \u010ditati. U djetinjstvu sam bila okru\u017eena knjigama i slikama, vjerojatno zbog toga.<\/p>\n\n\n<figure class=\"wp-block-image size-large is-resized\"><img loading=\"lazy\" decoding=\"async\" src=\"https:\/\/skolskilist.trema.hr\/wp-content\/uploads\/2020\/05\/IMG-20200513-WA0013-652x1024.jpg\" alt=\"\" class=\"wp-image-160\" width=\"550\" height=\"800\"\/><\/figure>\n\n\n<p>\u00a0<\/p>\n<p><strong>Jeste li ikada tijekom \u0161kolovanja htjeli odustati od svoga cilja, ako jeste, s \u010dime ste se najvi\u0161e mu\u010dili?<\/strong><\/p>\n<p>Bilo je nekih nedoumica na tre\u0107oj godini fakulteta, ali nisam po\u017eeljela odustati od svog cilja. Ina\u010de nisam sklona odustajanju, te\u0161ko\u0107e mi predstavljaju izazov, svaka prepreka koju savladam jedna je mala pobjeda. Mislim da se upravo tako izgra\u0111ujemo, stvaramo samopouzdanje.<\/p>\n<p><strong>Po zavr\u0161etku fakulteta, kako ste se osje\u0107ali kad ste prvi put kro\u010dili u u\u010dionicu kao profesor?<\/strong><\/p>\n<p>Prepla\u0161eno i ponosno. U\u0161la sam u razred s osmijehom, ostavila probleme iza vrata i pristupila u\u010denicima otvorena srca. Tako ulazim i danas, nakon pune 33 godine radnoga sta\u017ea.<\/p>\n<p><strong>U kojim ste \u0161kolama predavali prije nego \u0161to ste do\u0161li u MIOC?<\/strong><\/p>\n<p>Predavala sam u Gra\u0111evinskom \u0161kolskom centru, zatim u Grafi\u010dkoj \u0161koli i nakon 10 godina dobila posao u Tre\u0107oj gimnaziji koju vi popularno nazivate MIOC.<\/p>\n<p><strong>\u0160to tra\u017eite od svojih u\u010denika? Smatrate li da ste zahtjevni i strogi?<\/strong><\/p>\n<p>Volim za sebe misliti da sam stroga i pravedna, a jesam li zahtjevna i \u0161to u\u010denici misle o meni, to moramo pitati njih. Trudim se probuditi interes za svoj predmet, zajedno s interesom dolazi i neka vrsta ljubavi. \u010cinjenica je da u\u010denici u prosjeku imaju \u0161est nastavnih sati dnevno i da ne mogu biti jednako zainteresirani i pa\u017eljivi na svakome satu, nekoga vi\u0161e zanima Matematika, nekoga Biologija i to je normalno. Na satu od u\u010denika tra\u017eim po\u0161tovanje i suradnju, mislim da to i dobivam. Ne mora\u0161 biti zaljubljen u predmet, ali mora\u0161 po\u0161tovati trud koji je netko ulo\u017eio u pripremu toga sata.<\/p>\n<p><strong>\u0160to Vam smeta kod u\u010denika? \u0160to Vas lako naljuti i smatrate li da Vas je lako uvrijediti?<\/strong><\/p>\n<p>Ponekad mi smeta nezainteresiranost i odsustvo pa\u017enje, ali to puno ovisi o nastavnoj jedinici koju tuma\u010dim. Nije isto tuma\u010diti foneme ili morfeme i Dostojevskoga, a jedno, drugo ili tre\u0107e su dijelovi na\u0161eg programa. Nije me lako uvrijediti, a \u0161to se ljutnje ti\u010de, va\u017ei isto kao i kod ku\u0107e \u2013 brzo planem, ali se brzo i ugasim.<\/p>\n<p><strong>Volite li svoj posao i za\u0161to?<\/strong><\/p>\n<p>Jako volim svoj posao i po\u0161tujem svoje u\u010denike. Zanimanje profesora vi\u0161e do\u017eivljavam kao poziv, a to predstavlja i odgovornost. I danas, nakon toliko godina sta\u017ea, pripremam se za nastavu smatraju\u0107i da se uvijek mo\u017ee ne\u0161to novo nau\u010diti ili staro pobolj\u0161ati. Katkad izgleda kao da svoj posao \u017eivim.<\/p>\n<p><strong>Svi\u0111a li Vam se atmosfera u \u0161koli? Po\u0161tuju li Vas u\u010denici, kolege profesori i ostali djelatnici \u0161kole?<\/strong><\/p>\n<p>Svi\u0111a mi se atmosfera u \u0161koli, uvijek se ne\u0161to priprema, dogovara, radi, slavi. Uostalom, poznato je da na\u0161a \u0161kola radi i subotom, ne mo\u017ee\u0161 na\u0107i praznu u\u010dionicu. Mislim da me u\u010denici i kolege profesori po\u0161tuju, ali to moramo pitati njih. \u0160kola i ja \u017eivimo u sretnom braku ve\u0107 dugi niz godina, ali naravno da ima boljih i lo\u0161ijih dana.<\/p>\n<p><strong>\u0160to mislite o \u201e\u0160koli za \u017eivot\u201d? Smatrate li da je to pozitivna promjena i da \u0107e pomo\u0107i u\u010denicima ili da \u0107e rezultati biti kao i prije?<\/strong><\/p>\n<p>\u201e\u0160kola za \u017eivot\u201d postavlja velike zahtjeve pred u\u010ditelje i profesore, u prvom redu tra\u017ei jedan druga\u010diji na\u010din razmi\u0161ljanja i pripremanja nastave. U mom predmetu rije\u010d je o korjenitoj promjeni koja zanemaruje osnovnu strukturu, vidljivu iz naziva predmeta. Do sada sam bila profesor Hrvatskoga jezika, a sada sam naglo postala i profesor Medijske kulture, \u201edva u jedan\u201d. Snalazim se u novim vodama, poku\u0161avam ne slijediti slijepo sve zahtjeve koji se postavljaju pred nas, nego uzimati ono najbolje od novoga i staroga, trudim se izbje\u0107i povr\u0161nost i banalizaciju nekih bitnih stvari, u svemu tome postaviti u\u010denika na prvo mjesto i ostati svoja.<\/p>\n<p>Je li reforma pozitivna ili nije, to \u0107e pokazati vrijeme, a po\u0161to su na\u0161i rezultati uvijek bili vrhunski, iskreno se nadam da \u0107e tako i ostati.<\/p>\n<p><strong>\u0160to program \u201e\u0160kole za \u017eivot\u201d tra\u017ei od vas profesora? Je li vam te\u017ee ili lak\u0161e nego prije obrazovne reforme?<\/strong><\/p>\n<p>Program \u201e\u0160kole za \u017eivot\u201d tra\u017ei pripremu i vrijeme. Tijekom \u0161kolovanja i radnoga sta\u017ea susretala sam se s brojnim reformama koje su bile bolje ili lo\u0161ije pripremljene. Za ovu trenutnu smatram kako je dobro zami\u0161ljena, ali ne i dora\u0111ena. Ispred nas se stavio nedovr\u0161en proizvod i s time se trebamo nositi kako najbolje znamo. Navikla sam se pripremati za nastavu pa u tome ne vidim preveliki problem, ali vrijeme za dodatni rad ponekad te\u0161ko pronalazim jer i obitelj tra\u017ei svoje. Nisam samo profesor, supruga sam, majka i baka \u2013 za sve to treba imati vremena.<\/p>\n<p><strong>Ljudi na razne na\u010dine shva\u0107aju frazu \u201euspjeti u \u017eivotu\u201d. \u0160to za Vas zna\u010di uspjeti u \u017eivotu i jeste li, po Va\u0161em mi\u0161ljenju, uspjeli u \u017eivotu?<\/strong><\/p>\n<p>Uspjeti u \u017eivotu zna\u010di osje\u0107ati se ispunjeno, ponosno i sretno. To ne zna\u010di da nemam problema ili nekih osobnih preispitivanja, ali zna\u010di da se uspje\u0161no nosim s njima. Pitanje je bilo mislim li da sam uspjela u \u017eivotu, a ja \u0107u odgovoriti kako sam u to sasvim sigurna.<\/p>","protected":false},"excerpt":{"rendered":"<div class=\"mh-excerpt\"><p>Razgovor s profesoricom hrvatskoga jezika i knji\u017eevnosti, Anom Pir\u0161i\u0107 koja ponosno ve\u0107 33 godine \u017eivi svoj posao<\/p>\n<\/div>","protected":false},"author":3,"featured_media":0,"comment_status":"closed","ping_status":"closed","sticky":false,"template":"","format":"standard","meta":{"footnotes":""},"categories":[3,18],"tags":[],"class_list":["post-59","post","type-post","status-publish","format-standard","hentry","category-mioc-inside","category-trema-2019-2020"],"_links":{"self":[{"href":"https:\/\/skolskilist.trema.hr\/index.php?rest_route=\/wp\/v2\/posts\/59","targetHints":{"allow":["GET"]}}],"collection":[{"href":"https:\/\/skolskilist.trema.hr\/index.php?rest_route=\/wp\/v2\/posts"}],"about":[{"href":"https:\/\/skolskilist.trema.hr\/index.php?rest_route=\/wp\/v2\/types\/post"}],"author":[{"embeddable":true,"href":"https:\/\/skolskilist.trema.hr\/index.php?rest_route=\/wp\/v2\/users\/3"}],"replies":[{"embeddable":true,"href":"https:\/\/skolskilist.trema.hr\/index.php?rest_route=%2Fwp%2Fv2%2Fcomments&post=59"}],"version-history":[{"count":0,"href":"https:\/\/skolskilist.trema.hr\/index.php?rest_route=\/wp\/v2\/posts\/59\/revisions"}],"wp:attachment":[{"href":"https:\/\/skolskilist.trema.hr\/index.php?rest_route=%2Fwp%2Fv2%2Fmedia&parent=59"}],"wp:term":[{"taxonomy":"category","embeddable":true,"href":"https:\/\/skolskilist.trema.hr\/index.php?rest_route=%2Fwp%2Fv2%2Fcategories&post=59"},{"taxonomy":"post_tag","embeddable":true,"href":"https:\/\/skolskilist.trema.hr\/index.php?rest_route=%2Fwp%2Fv2%2Ftags&post=59"}],"curies":[{"name":"wp","href":"https:\/\/api.w.org\/{rel}","templated":true}]}}