{"id":664,"date":"2023-06-07T17:45:15","date_gmt":"2023-06-07T15:45:15","guid":{"rendered":"https:\/\/skolskilist.trema.hr\/?p=664"},"modified":"2023-06-07T17:45:15","modified_gmt":"2023-06-07T15:45:15","slug":"umjetnost-kao-stvaralacki-proces","status":"publish","type":"post","link":"https:\/\/skolskilist.trema.hr\/?p=664","title":{"rendered":"Umjetnost kao stvarala\u010dki proces"},"content":{"rendered":"\n<figure class=\"wp-block-gallery has-nested-images columns-default is-cropped wp-block-gallery-1 is-layout-flex wp-block-gallery-is-layout-flex\">\n<figure class=\"wp-block-image size-large\"><img loading=\"lazy\" decoding=\"async\" width=\"659\" height=\"1024\" data-id=\"665\" src=\"https:\/\/skolskilist.trema.hr\/wp-content\/uploads\/2023\/06\/u1-659x1024.png\" alt=\"\" class=\"wp-image-665\" srcset=\"https:\/\/skolskilist.trema.hr\/wp-content\/uploads\/2023\/06\/u1-659x1024.png 659w, https:\/\/skolskilist.trema.hr\/wp-content\/uploads\/2023\/06\/u1-193x300.png 193w, https:\/\/skolskilist.trema.hr\/wp-content\/uploads\/2023\/06\/u1-768x1193.png 768w, https:\/\/skolskilist.trema.hr\/wp-content\/uploads\/2023\/06\/u1-989x1536.png 989w, https:\/\/skolskilist.trema.hr\/wp-content\/uploads\/2023\/06\/u1.png 1318w\" sizes=\"auto, (max-width: 659px) 100vw, 659px\" \/><figcaption class=\"wp-element-caption\">Portreti: Ladan Paula, 2. C (kubizam)<\/figcaption><\/figure>\n\n\n\n<figure class=\"wp-block-image size-large\"><img loading=\"lazy\" decoding=\"async\" width=\"668\" height=\"1024\" data-id=\"666\" src=\"https:\/\/skolskilist.trema.hr\/wp-content\/uploads\/2023\/06\/u2-668x1024.png\" alt=\"\" class=\"wp-image-666\" srcset=\"https:\/\/skolskilist.trema.hr\/wp-content\/uploads\/2023\/06\/u2-668x1024.png 668w, https:\/\/skolskilist.trema.hr\/wp-content\/uploads\/2023\/06\/u2-196x300.png 196w, https:\/\/skolskilist.trema.hr\/wp-content\/uploads\/2023\/06\/u2-768x1178.png 768w, https:\/\/skolskilist.trema.hr\/wp-content\/uploads\/2023\/06\/u2-1001x1536.png 1001w, https:\/\/skolskilist.trema.hr\/wp-content\/uploads\/2023\/06\/u2.png 1335w\" sizes=\"auto, (max-width: 668px) 100vw, 668px\" \/><figcaption class=\"wp-element-caption\">Portreti: Ladan Paula, 2. C  (nadrealizam, simbolizam)<\/figcaption><\/figure>\n\n\n\n<figure class=\"wp-block-image size-large\"><img loading=\"lazy\" decoding=\"async\" width=\"849\" height=\"1024\" data-id=\"667\" src=\"https:\/\/skolskilist.trema.hr\/wp-content\/uploads\/2023\/06\/u3-849x1024.png\" alt=\"\" class=\"wp-image-667\" srcset=\"https:\/\/skolskilist.trema.hr\/wp-content\/uploads\/2023\/06\/u3-849x1024.png 849w, https:\/\/skolskilist.trema.hr\/wp-content\/uploads\/2023\/06\/u3-249x300.png 249w, https:\/\/skolskilist.trema.hr\/wp-content\/uploads\/2023\/06\/u3-768x927.png 768w, https:\/\/skolskilist.trema.hr\/wp-content\/uploads\/2023\/06\/u3-1273x1536.png 1273w, https:\/\/skolskilist.trema.hr\/wp-content\/uploads\/2023\/06\/u3.png 1697w\" sizes=\"auto, (max-width: 849px) 100vw, 849px\" \/><figcaption class=\"wp-element-caption\">Portreti: \u0106ori\u0107 Mihaela, 1. D   Tema: poimanje ljubavi kroz razli\u010dite umjetni\u010dke stilove\/razdoblja  (hiperrealizam, realizam) <\/figcaption><\/figure>\n\n\n\n<figure class=\"wp-block-image size-large\"><img loading=\"lazy\" decoding=\"async\" width=\"1024\" height=\"760\" data-id=\"668\" src=\"https:\/\/skolskilist.trema.hr\/wp-content\/uploads\/2023\/06\/u4-1024x760.png\" alt=\"\" class=\"wp-image-668\" srcset=\"https:\/\/skolskilist.trema.hr\/wp-content\/uploads\/2023\/06\/u4-1024x760.png 1024w, https:\/\/skolskilist.trema.hr\/wp-content\/uploads\/2023\/06\/u4-300x223.png 300w, https:\/\/skolskilist.trema.hr\/wp-content\/uploads\/2023\/06\/u4-768x570.png 768w, https:\/\/skolskilist.trema.hr\/wp-content\/uploads\/2023\/06\/u4-1536x1139.png 1536w, https:\/\/skolskilist.trema.hr\/wp-content\/uploads\/2023\/06\/u4-80x60.png 80w, https:\/\/skolskilist.trema.hr\/wp-content\/uploads\/2023\/06\/u4.png 2048w\" sizes=\"auto, (max-width: 1024px) 100vw, 1024px\" \/><figcaption class=\"wp-element-caption\">Portreti: Grabovac Ana, 2. A     Tema: poimanje ljubavi kroz razli\u010dite umjetni\u010dke stilove\/razdoblja (nadrealizam)<\/figcaption><\/figure>\n\n\n\n<figure class=\"wp-block-image size-large\"><img loading=\"lazy\" decoding=\"async\" width=\"1024\" height=\"758\" data-id=\"669\" src=\"https:\/\/skolskilist.trema.hr\/wp-content\/uploads\/2023\/06\/u5-1024x758.png\" alt=\"\" class=\"wp-image-669\" srcset=\"https:\/\/skolskilist.trema.hr\/wp-content\/uploads\/2023\/06\/u5-1024x758.png 1024w, https:\/\/skolskilist.trema.hr\/wp-content\/uploads\/2023\/06\/u5-300x222.png 300w, https:\/\/skolskilist.trema.hr\/wp-content\/uploads\/2023\/06\/u5-768x569.png 768w, https:\/\/skolskilist.trema.hr\/wp-content\/uploads\/2023\/06\/u5-1536x1137.png 1536w, https:\/\/skolskilist.trema.hr\/wp-content\/uploads\/2023\/06\/u5-80x60.png 80w, https:\/\/skolskilist.trema.hr\/wp-content\/uploads\/2023\/06\/u5.png 1591w\" sizes=\"auto, (max-width: 1024px) 100vw, 1024px\" \/><figcaption class=\"wp-element-caption\">Portreti: Vukovi\u0107 Karla, 1.F   Tema: poimanje ljubavi kroz razli\u010dite umjetni\u010dke stilove\/razdoblja (kubizam, apstraktna umjetnost)<\/figcaption><\/figure>\n\n\n\n<figure class=\"wp-block-image size-large\"><img loading=\"lazy\" decoding=\"async\" width=\"729\" height=\"1024\" data-id=\"670\" src=\"https:\/\/skolskilist.trema.hr\/wp-content\/uploads\/2023\/06\/u6-729x1024.png\" alt=\"\" class=\"wp-image-670\" srcset=\"https:\/\/skolskilist.trema.hr\/wp-content\/uploads\/2023\/06\/u6-729x1024.png 729w, https:\/\/skolskilist.trema.hr\/wp-content\/uploads\/2023\/06\/u6-214x300.png 214w, https:\/\/skolskilist.trema.hr\/wp-content\/uploads\/2023\/06\/u6-768x1079.png 768w, https:\/\/skolskilist.trema.hr\/wp-content\/uploads\/2023\/06\/u6-1093x1536.png 1093w, https:\/\/skolskilist.trema.hr\/wp-content\/uploads\/2023\/06\/u6.png 1139w\" sizes=\"auto, (max-width: 729px) 100vw, 729px\" \/><figcaption class=\"wp-element-caption\">Pejza\u017e: Topi\u0107 Ana, 1.C<\/figcaption><\/figure>\n\n\n\n<figure class=\"wp-block-image size-large\"><img loading=\"lazy\" decoding=\"async\" width=\"1024\" height=\"624\" data-id=\"671\" src=\"https:\/\/skolskilist.trema.hr\/wp-content\/uploads\/2023\/06\/uk2-1024x624.png\" alt=\"\" class=\"wp-image-671\" srcset=\"https:\/\/skolskilist.trema.hr\/wp-content\/uploads\/2023\/06\/uk2-1024x624.png 1024w, https:\/\/skolskilist.trema.hr\/wp-content\/uploads\/2023\/06\/uk2-300x183.png 300w, https:\/\/skolskilist.trema.hr\/wp-content\/uploads\/2023\/06\/uk2-768x468.png 768w, https:\/\/skolskilist.trema.hr\/wp-content\/uploads\/2023\/06\/uk2-1536x935.png 1536w, https:\/\/skolskilist.trema.hr\/wp-content\/uploads\/2023\/06\/uk2.png 2048w\" sizes=\"auto, (max-width: 1024px) 100vw, 1024px\" \/><figcaption class=\"wp-element-caption\">Tlocrti gra\u0111evina specifi\u010dnih namjena po izboru (rad s digitalnim alatima): Vito Drnasin, 2.A<\/figcaption><\/figure>\n\n\n\n<figure class=\"wp-block-image size-large\"><img loading=\"lazy\" decoding=\"async\" width=\"721\" height=\"1024\" data-id=\"672\" src=\"https:\/\/skolskilist.trema.hr\/wp-content\/uploads\/2023\/06\/up1-721x1024.png\" alt=\"\" class=\"wp-image-672\" srcset=\"https:\/\/skolskilist.trema.hr\/wp-content\/uploads\/2023\/06\/up1-721x1024.png 721w, https:\/\/skolskilist.trema.hr\/wp-content\/uploads\/2023\/06\/up1-211x300.png 211w, https:\/\/skolskilist.trema.hr\/wp-content\/uploads\/2023\/06\/up1-768x1091.png 768w, https:\/\/skolskilist.trema.hr\/wp-content\/uploads\/2023\/06\/up1-1081x1536.png 1081w, https:\/\/skolskilist.trema.hr\/wp-content\/uploads\/2023\/06\/up1.png 1098w\" sizes=\"auto, (max-width: 721px) 100vw, 721px\" \/><figcaption class=\"wp-element-caption\">Mrtva priroda: Hrga Vanesa, 1.F<\/figcaption><\/figure>\n\n\n\n<figure class=\"wp-block-image size-large\"><img loading=\"lazy\" decoding=\"async\" width=\"1024\" height=\"781\" data-id=\"673\" src=\"https:\/\/skolskilist.trema.hr\/wp-content\/uploads\/2023\/06\/up2-1024x781.png\" alt=\"\" class=\"wp-image-673\" srcset=\"https:\/\/skolskilist.trema.hr\/wp-content\/uploads\/2023\/06\/up2-1024x781.png 1024w, https:\/\/skolskilist.trema.hr\/wp-content\/uploads\/2023\/06\/up2-300x229.png 300w, https:\/\/skolskilist.trema.hr\/wp-content\/uploads\/2023\/06\/up2-768x585.png 768w, https:\/\/skolskilist.trema.hr\/wp-content\/uploads\/2023\/06\/up2-1536x1171.png 1536w, https:\/\/skolskilist.trema.hr\/wp-content\/uploads\/2023\/06\/up2-80x60.png 80w, https:\/\/skolskilist.trema.hr\/wp-content\/uploads\/2023\/06\/up2.png 2048w\" sizes=\"auto, (max-width: 1024px) 100vw, 1024px\" \/><figcaption class=\"wp-element-caption\">Tlocrti gra\u0111evina specifi\u010dnih namjena po izboru (rad s digitalnim alatima): Vito Drnasin, 2.A<\/figcaption><\/figure>\n\n\n\n<figure class=\"wp-block-image size-large\"><img loading=\"lazy\" decoding=\"async\" width=\"1024\" height=\"721\" data-id=\"674\" src=\"https:\/\/skolskilist.trema.hr\/wp-content\/uploads\/2023\/06\/up3-1024x721.png\" alt=\"\" class=\"wp-image-674\" srcset=\"https:\/\/skolskilist.trema.hr\/wp-content\/uploads\/2023\/06\/up3-1024x721.png 1024w, https:\/\/skolskilist.trema.hr\/wp-content\/uploads\/2023\/06\/up3-300x211.png 300w, https:\/\/skolskilist.trema.hr\/wp-content\/uploads\/2023\/06\/up3-768x540.png 768w, https:\/\/skolskilist.trema.hr\/wp-content\/uploads\/2023\/06\/up3-1536x1081.png 1536w, https:\/\/skolskilist.trema.hr\/wp-content\/uploads\/2023\/06\/up3.png 2048w\" sizes=\"auto, (max-width: 1024px) 100vw, 1024px\" \/><figcaption class=\"wp-element-caption\">Tlocrti gra\u0111evina specifi\u010dnih namjena po izboru (rad s digitalnim alatima): Frano Drli\u0107, 2.A<\/figcaption><\/figure>\n\n\n\n<figure class=\"wp-block-image size-large\"><img loading=\"lazy\" decoding=\"async\" width=\"1024\" height=\"754\" data-id=\"675\" src=\"https:\/\/skolskilist.trema.hr\/wp-content\/uploads\/2023\/06\/up4-1024x754.png\" alt=\"\" class=\"wp-image-675\" srcset=\"https:\/\/skolskilist.trema.hr\/wp-content\/uploads\/2023\/06\/up4-1024x754.png 1024w, https:\/\/skolskilist.trema.hr\/wp-content\/uploads\/2023\/06\/up4-300x221.png 300w, https:\/\/skolskilist.trema.hr\/wp-content\/uploads\/2023\/06\/up4-768x566.png 768w, https:\/\/skolskilist.trema.hr\/wp-content\/uploads\/2023\/06\/up4-1536x1131.png 1536w, https:\/\/skolskilist.trema.hr\/wp-content\/uploads\/2023\/06\/up4-80x60.png 80w, https:\/\/skolskilist.trema.hr\/wp-content\/uploads\/2023\/06\/up4.png 2048w\" sizes=\"auto, (max-width: 1024px) 100vw, 1024px\" \/><figcaption class=\"wp-element-caption\">Tlocrti gra\u0111evina specifi\u010dnih namjena po izboru (rad s digitalnim alatima): Frano Drli\u0107, 2.A<\/figcaption><\/figure>\n\n\n\n<figure class=\"wp-block-image size-large\"><img loading=\"lazy\" decoding=\"async\" width=\"1024\" height=\"938\" data-id=\"676\" src=\"https:\/\/skolskilist.trema.hr\/wp-content\/uploads\/2023\/06\/up5-1024x938.png\" alt=\"\" class=\"wp-image-676\" srcset=\"https:\/\/skolskilist.trema.hr\/wp-content\/uploads\/2023\/06\/up5-1024x938.png 1024w, https:\/\/skolskilist.trema.hr\/wp-content\/uploads\/2023\/06\/up5-300x275.png 300w, https:\/\/skolskilist.trema.hr\/wp-content\/uploads\/2023\/06\/up5-768x704.png 768w, https:\/\/skolskilist.trema.hr\/wp-content\/uploads\/2023\/06\/up5-1536x1407.png 1536w, https:\/\/skolskilist.trema.hr\/wp-content\/uploads\/2023\/06\/up5.png 2048w\" sizes=\"auto, (max-width: 1024px) 100vw, 1024px\" \/><figcaption class=\"wp-element-caption\">Maketa poznate modernisti\u010dke gra\u0111evine: Jer\u010di\u0107 Mihael, 2.F Opera Sydney <\/figcaption><\/figure>\n<\/figure>\n","protected":false},"excerpt":{"rendered":"<div class=\"mh-excerpt\"><\/div>","protected":false},"author":3,"featured_media":0,"comment_status":"open","ping_status":"open","sticky":false,"template":"","format":"standard","meta":{"footnotes":""},"categories":[22,6],"tags":[],"class_list":["post-664","post","type-post","status-publish","format-standard","hentry","category-trema-2022-2023","category-vrnuti"],"_links":{"self":[{"href":"https:\/\/skolskilist.trema.hr\/index.php?rest_route=\/wp\/v2\/posts\/664","targetHints":{"allow":["GET"]}}],"collection":[{"href":"https:\/\/skolskilist.trema.hr\/index.php?rest_route=\/wp\/v2\/posts"}],"about":[{"href":"https:\/\/skolskilist.trema.hr\/index.php?rest_route=\/wp\/v2\/types\/post"}],"author":[{"embeddable":true,"href":"https:\/\/skolskilist.trema.hr\/index.php?rest_route=\/wp\/v2\/users\/3"}],"replies":[{"embeddable":true,"href":"https:\/\/skolskilist.trema.hr\/index.php?rest_route=%2Fwp%2Fv2%2Fcomments&post=664"}],"version-history":[{"count":1,"href":"https:\/\/skolskilist.trema.hr\/index.php?rest_route=\/wp\/v2\/posts\/664\/revisions"}],"predecessor-version":[{"id":677,"href":"https:\/\/skolskilist.trema.hr\/index.php?rest_route=\/wp\/v2\/posts\/664\/revisions\/677"}],"wp:attachment":[{"href":"https:\/\/skolskilist.trema.hr\/index.php?rest_route=%2Fwp%2Fv2%2Fmedia&parent=664"}],"wp:term":[{"taxonomy":"category","embeddable":true,"href":"https:\/\/skolskilist.trema.hr\/index.php?rest_route=%2Fwp%2Fv2%2Fcategories&post=664"},{"taxonomy":"post_tag","embeddable":true,"href":"https:\/\/skolskilist.trema.hr\/index.php?rest_route=%2Fwp%2Fv2%2Ftags&post=664"}],"curies":[{"name":"wp","href":"https:\/\/api.w.org\/{rel}","templated":true}]}}