{"id":679,"date":"2023-06-13T12:00:38","date_gmt":"2023-06-13T10:00:38","guid":{"rendered":"https:\/\/skolskilist.trema.hr\/?p=679"},"modified":"2023-06-13T12:00:38","modified_gmt":"2023-06-13T10:00:38","slug":"proljece-kroz-modni-izricaj","status":"publish","type":"post","link":"https:\/\/skolskilist.trema.hr\/?p=679","title":{"rendered":"Prolje\u0107e kroz modni izri\u010daj"},"content":{"rendered":"\n<p>NAPISALE: Leona \u0160pika, Ana Topi\u0107, 1.C<\/p>\n\n\n\n<p><br><br>Odje\u0107a je uvijek bila na\u010din izra\u017eavanja i izraz individualnosti, a to se posebno isti\u010de u \u0161kolskom okru\u017eenju. Odjevni stilovi u \u0161koli uvijek su bili tema razgovora, a moda u \u0161koli neprestano se mijenja.<\/p>\n\n\n\n<p>Pratile smo kratak period na\u010din odijevanja <em>mio\u010dana<\/em>, uo\u010dili raznolikost koju apsolutno podr\u017eavamo. Svi nose svoje boje, svoju marku, svoj \u201c\u0111ir\u201d.<br><br><br>1. PROLJE\u0106E, A U MENI NEMIR<br>Na\u0161i <em>mio\u010dani<\/em> su u ovo stresno razdoblje unijeli malo vedrine svojim \u0161arolikim odjevnim kombinacijama. Pastelne boje su najzastupljenije.<\/p>\n\n\n\n<figure class=\"wp-block-gallery has-nested-images columns-default is-cropped wp-block-gallery-1 is-layout-flex wp-block-gallery-is-layout-flex\">\n<figure class=\"wp-block-image size-large\"><img loading=\"lazy\" decoding=\"async\" width=\"665\" height=\"887\" data-id=\"680\" src=\"https:\/\/skolskilist.trema.hr\/wp-content\/uploads\/2023\/06\/slika1.png\" alt=\"\" class=\"wp-image-680\" srcset=\"https:\/\/skolskilist.trema.hr\/wp-content\/uploads\/2023\/06\/slika1.png 665w, https:\/\/skolskilist.trema.hr\/wp-content\/uploads\/2023\/06\/slika1-225x300.png 225w\" sizes=\"auto, (max-width: 665px) 100vw, 665px\" \/><\/figure>\n\n\n\n<figure class=\"wp-block-image size-large\"><img loading=\"lazy\" decoding=\"async\" width=\"690\" height=\"920\" data-id=\"681\" src=\"https:\/\/skolskilist.trema.hr\/wp-content\/uploads\/2023\/06\/slika2.png\" alt=\"\" class=\"wp-image-681\" srcset=\"https:\/\/skolskilist.trema.hr\/wp-content\/uploads\/2023\/06\/slika2.png 690w, https:\/\/skolskilist.trema.hr\/wp-content\/uploads\/2023\/06\/slika2-225x300.png 225w\" sizes=\"auto, (max-width: 690px) 100vw, 690px\" \/><\/figure>\n\n\n\n<figure class=\"wp-block-image size-large\"><img loading=\"lazy\" decoding=\"async\" width=\"676\" height=\"901\" data-id=\"682\" src=\"https:\/\/skolskilist.trema.hr\/wp-content\/uploads\/2023\/06\/slika3.png\" alt=\"\" class=\"wp-image-682\" srcset=\"https:\/\/skolskilist.trema.hr\/wp-content\/uploads\/2023\/06\/slika3.png 676w, https:\/\/skolskilist.trema.hr\/wp-content\/uploads\/2023\/06\/slika3-225x300.png 225w\" sizes=\"auto, (max-width: 676px) 100vw, 676px\" \/><\/figure>\n\n\n\n<figure class=\"wp-block-image size-large\"><img loading=\"lazy\" decoding=\"async\" width=\"512\" height=\"640\" data-id=\"683\" src=\"https:\/\/skolskilist.trema.hr\/wp-content\/uploads\/2023\/06\/slika4.jpg\" alt=\"\" class=\"wp-image-683\" srcset=\"https:\/\/skolskilist.trema.hr\/wp-content\/uploads\/2023\/06\/slika4.jpg 512w, https:\/\/skolskilist.trema.hr\/wp-content\/uploads\/2023\/06\/slika4-240x300.jpg 240w\" sizes=\"auto, (max-width: 512px) 100vw, 512px\" \/><\/figure>\n<\/figure>\n\n\n\n<p><br><br><br>2. SVI U PRUGAMA<br>Hit uzorak ove godine su pruge. Nose ih svi u\u010denici pa \u010dak i nastavnici.<br><br><\/p>\n\n\n\n<figure class=\"wp-block-image size-full\"><img loading=\"lazy\" decoding=\"async\" width=\"557\" height=\"640\" src=\"https:\/\/skolskilist.trema.hr\/wp-content\/uploads\/2023\/06\/slika5.jpg\" alt=\"\" class=\"wp-image-684\" srcset=\"https:\/\/skolskilist.trema.hr\/wp-content\/uploads\/2023\/06\/slika5.jpg 557w, https:\/\/skolskilist.trema.hr\/wp-content\/uploads\/2023\/06\/slika5-261x300.jpg 261w\" sizes=\"auto, (max-width: 557px) 100vw, 557px\" \/><\/figure>\n\n\n\n<figure class=\"wp-block-image size-full\"><img loading=\"lazy\" decoding=\"async\" width=\"480\" height=\"640\" src=\"https:\/\/skolskilist.trema.hr\/wp-content\/uploads\/2023\/06\/slika6.jpg\" alt=\"\" class=\"wp-image-685\" srcset=\"https:\/\/skolskilist.trema.hr\/wp-content\/uploads\/2023\/06\/slika6.jpg 480w, https:\/\/skolskilist.trema.hr\/wp-content\/uploads\/2023\/06\/slika6-225x300.jpg 225w\" sizes=\"auto, (max-width: 480px) 100vw, 480px\" \/><\/figure>\n\n\n\n<p><br>3. ILEGALNE TUTE<br>Pri\u010dalo se o zabrani tuta, no u MIOC-u su dopu\u0161tene i \u010desto im pribjegavamo.<br><br><\/p>\n\n\n\n<figure class=\"wp-block-gallery has-nested-images columns-default is-cropped wp-block-gallery-2 is-layout-flex wp-block-gallery-is-layout-flex\">\n<figure class=\"wp-block-image size-large\"><img loading=\"lazy\" decoding=\"async\" width=\"640\" height=\"480\" data-id=\"686\" src=\"https:\/\/skolskilist.trema.hr\/wp-content\/uploads\/2023\/06\/slika7.jpg\" alt=\"\" class=\"wp-image-686\" srcset=\"https:\/\/skolskilist.trema.hr\/wp-content\/uploads\/2023\/06\/slika7.jpg 640w, https:\/\/skolskilist.trema.hr\/wp-content\/uploads\/2023\/06\/slika7-300x225.jpg 300w, https:\/\/skolskilist.trema.hr\/wp-content\/uploads\/2023\/06\/slika7-326x245.jpg 326w, https:\/\/skolskilist.trema.hr\/wp-content\/uploads\/2023\/06\/slika7-80x60.jpg 80w\" sizes=\"auto, (max-width: 640px) 100vw, 640px\" \/><\/figure>\n\n\n\n<figure class=\"wp-block-image size-large\"><img loading=\"lazy\" decoding=\"async\" width=\"590\" height=\"640\" data-id=\"687\" src=\"https:\/\/skolskilist.trema.hr\/wp-content\/uploads\/2023\/06\/slika8.jpg\" alt=\"\" class=\"wp-image-687\" srcset=\"https:\/\/skolskilist.trema.hr\/wp-content\/uploads\/2023\/06\/slika8.jpg 590w, https:\/\/skolskilist.trema.hr\/wp-content\/uploads\/2023\/06\/slika8-277x300.jpg 277w\" sizes=\"auto, (max-width: 590px) 100vw, 590px\" \/><\/figure>\n\n\n\n<figure class=\"wp-block-image size-large\"><img loading=\"lazy\" decoding=\"async\" width=\"593\" height=\"640\" data-id=\"688\" src=\"https:\/\/skolskilist.trema.hr\/wp-content\/uploads\/2023\/06\/slika9.jpg\" alt=\"\" class=\"wp-image-688\" srcset=\"https:\/\/skolskilist.trema.hr\/wp-content\/uploads\/2023\/06\/slika9.jpg 593w, https:\/\/skolskilist.trema.hr\/wp-content\/uploads\/2023\/06\/slika9-278x300.jpg 278w\" sizes=\"auto, (max-width: 593px) 100vw, 593px\" \/><\/figure>\n<\/figure>\n\n\n\n<p><br>4. POLO<br>U trendu je \u201cOld money\u201d stil. Po hodnicima MIOC-a po\u010dela se javljati Polo odje\u0107a, od d\u017eempera pa sve do tuta.<\/p>\n\n\n\n<p><\/p>\n\n\n\n<figure class=\"wp-block-gallery has-nested-images columns-default is-cropped wp-block-gallery-3 is-layout-flex wp-block-gallery-is-layout-flex\">\n<figure class=\"wp-block-image size-large\"><img loading=\"lazy\" decoding=\"async\" width=\"665\" height=\"887\" data-id=\"680\" src=\"https:\/\/skolskilist.trema.hr\/wp-content\/uploads\/2023\/06\/slika1.png\" alt=\"\" class=\"wp-image-680\" srcset=\"https:\/\/skolskilist.trema.hr\/wp-content\/uploads\/2023\/06\/slika1.png 665w, https:\/\/skolskilist.trema.hr\/wp-content\/uploads\/2023\/06\/slika1-225x300.png 225w\" sizes=\"auto, (max-width: 665px) 100vw, 665px\" \/><\/figure>\n\n\n\n<figure class=\"wp-block-image size-large\"><img loading=\"lazy\" decoding=\"async\" width=\"676\" height=\"901\" data-id=\"682\" src=\"https:\/\/skolskilist.trema.hr\/wp-content\/uploads\/2023\/06\/slika3.png\" alt=\"\" class=\"wp-image-682\" srcset=\"https:\/\/skolskilist.trema.hr\/wp-content\/uploads\/2023\/06\/slika3.png 676w, https:\/\/skolskilist.trema.hr\/wp-content\/uploads\/2023\/06\/slika3-225x300.png 225w\" sizes=\"auto, (max-width: 676px) 100vw, 676px\" \/><\/figure>\n\n\n\n<figure class=\"wp-block-image size-large\"><img loading=\"lazy\" decoding=\"async\" width=\"482\" height=\"640\" data-id=\"689\" src=\"https:\/\/skolskilist.trema.hr\/wp-content\/uploads\/2023\/06\/slika10.jpg\" alt=\"\" class=\"wp-image-689\" srcset=\"https:\/\/skolskilist.trema.hr\/wp-content\/uploads\/2023\/06\/slika10.jpg 482w, https:\/\/skolskilist.trema.hr\/wp-content\/uploads\/2023\/06\/slika10-226x300.jpg 226w\" sizes=\"auto, (max-width: 482px) 100vw, 482px\" \/><\/figure>\n\n\n\n<figure class=\"wp-block-image size-large\"><img loading=\"lazy\" decoding=\"async\" width=\"494\" height=\"640\" data-id=\"690\" src=\"https:\/\/skolskilist.trema.hr\/wp-content\/uploads\/2023\/06\/slika11.jpg\" alt=\"\" class=\"wp-image-690\" srcset=\"https:\/\/skolskilist.trema.hr\/wp-content\/uploads\/2023\/06\/slika11.jpg 494w, https:\/\/skolskilist.trema.hr\/wp-content\/uploads\/2023\/06\/slika11-232x300.jpg 232w\" sizes=\"auto, (max-width: 494px) 100vw, 494px\" \/><\/figure>\n<\/figure>\n\n\n\n<p><\/p>\n\n\n\n<p><br>5. JEANS<br>Jeans hla\u010de i basic stil uvijek su u trendu. Stvaraju najbolje kombinacije.<\/p>\n\n\n\n<figure class=\"wp-block-gallery has-nested-images columns-default is-cropped wp-block-gallery-4 is-layout-flex wp-block-gallery-is-layout-flex\">\n<figure class=\"wp-block-image size-large\"><img loading=\"lazy\" decoding=\"async\" width=\"482\" height=\"640\" data-id=\"691\" src=\"https:\/\/skolskilist.trema.hr\/wp-content\/uploads\/2023\/06\/slika12.jpg\" alt=\"\" class=\"wp-image-691\" srcset=\"https:\/\/skolskilist.trema.hr\/wp-content\/uploads\/2023\/06\/slika12.jpg 482w, https:\/\/skolskilist.trema.hr\/wp-content\/uploads\/2023\/06\/slika12-226x300.jpg 226w\" sizes=\"auto, (max-width: 482px) 100vw, 482px\" \/><\/figure>\n\n\n\n<figure class=\"wp-block-image size-large\"><img loading=\"lazy\" decoding=\"async\" width=\"483\" height=\"640\" data-id=\"692\" src=\"https:\/\/skolskilist.trema.hr\/wp-content\/uploads\/2023\/06\/slika13.jpg\" alt=\"\" class=\"wp-image-692\" srcset=\"https:\/\/skolskilist.trema.hr\/wp-content\/uploads\/2023\/06\/slika13.jpg 483w, https:\/\/skolskilist.trema.hr\/wp-content\/uploads\/2023\/06\/slika13-226x300.jpg 226w\" sizes=\"auto, (max-width: 483px) 100vw, 483px\" \/><\/figure>\n<\/figure>\n\n\n\n<p><br>6. CRNA UVIJEK IN<br>Crna boja sla\u017ee se sa svim i svima stoji, zato je \u010desto vi\u0111amo na na\u0161im u\u010denicama.<\/p>\n\n\n\n<p><br><\/p>\n\n\n\n<figure class=\"wp-block-gallery has-nested-images columns-default is-cropped wp-block-gallery-5 is-layout-flex wp-block-gallery-is-layout-flex\">\n<figure class=\"wp-block-image size-large\"><img loading=\"lazy\" decoding=\"async\" width=\"480\" height=\"640\" data-id=\"693\" src=\"https:\/\/skolskilist.trema.hr\/wp-content\/uploads\/2023\/06\/slika14.jpg\" alt=\"\" class=\"wp-image-693\" srcset=\"https:\/\/skolskilist.trema.hr\/wp-content\/uploads\/2023\/06\/slika14.jpg 480w, https:\/\/skolskilist.trema.hr\/wp-content\/uploads\/2023\/06\/slika14-225x300.jpg 225w\" sizes=\"auto, (max-width: 480px) 100vw, 480px\" \/><\/figure>\n\n\n\n<figure class=\"wp-block-image size-large\"><img loading=\"lazy\" decoding=\"async\" width=\"640\" height=\"608\" data-id=\"694\" src=\"https:\/\/skolskilist.trema.hr\/wp-content\/uploads\/2023\/06\/slika15.jpg\" alt=\"\" class=\"wp-image-694\" srcset=\"https:\/\/skolskilist.trema.hr\/wp-content\/uploads\/2023\/06\/slika15.jpg 640w, https:\/\/skolskilist.trema.hr\/wp-content\/uploads\/2023\/06\/slika15-300x285.jpg 300w\" sizes=\"auto, (max-width: 640px) 100vw, 640px\" \/><\/figure>\n\n\n\n<figure class=\"wp-block-image size-large\"><img loading=\"lazy\" decoding=\"async\" width=\"640\" height=\"620\" data-id=\"695\" src=\"https:\/\/skolskilist.trema.hr\/wp-content\/uploads\/2023\/06\/slika16.jpg\" alt=\"\" class=\"wp-image-695\" srcset=\"https:\/\/skolskilist.trema.hr\/wp-content\/uploads\/2023\/06\/slika16.jpg 640w, https:\/\/skolskilist.trema.hr\/wp-content\/uploads\/2023\/06\/slika16-300x291.jpg 300w\" sizes=\"auto, (max-width: 640px) 100vw, 640px\" \/><\/figure>\n\n\n\n<figure class=\"wp-block-image size-large\"><img loading=\"lazy\" decoding=\"async\" width=\"480\" height=\"640\" data-id=\"696\" src=\"https:\/\/skolskilist.trema.hr\/wp-content\/uploads\/2023\/06\/slika17.jpg\" alt=\"\" class=\"wp-image-696\" srcset=\"https:\/\/skolskilist.trema.hr\/wp-content\/uploads\/2023\/06\/slika17.jpg 480w, https:\/\/skolskilist.trema.hr\/wp-content\/uploads\/2023\/06\/slika17-225x300.jpg 225w\" sizes=\"auto, (max-width: 480px) 100vw, 480px\" \/><\/figure>\n<\/figure>\n\n\n\n<p><br>7. VJERNI NAVIJA\u010cI<br>Kad igra Hajduk samo crvena i plava, a i osmijeh na svim licima.<\/p>\n\n\n\n<p><br><\/p>\n\n\n\n<figure class=\"wp-block-image size-full\"><img loading=\"lazy\" decoding=\"async\" width=\"640\" height=\"561\" src=\"https:\/\/skolskilist.trema.hr\/wp-content\/uploads\/2023\/06\/slika18.jpg\" alt=\"\" class=\"wp-image-697\" srcset=\"https:\/\/skolskilist.trema.hr\/wp-content\/uploads\/2023\/06\/slika18.jpg 640w, https:\/\/skolskilist.trema.hr\/wp-content\/uploads\/2023\/06\/slika18-300x263.jpg 300w\" sizes=\"auto, (max-width: 640px) 100vw, 640px\" \/><\/figure>\n","protected":false},"excerpt":{"rendered":"<div class=\"mh-excerpt\"><p>Odje\u0107a je uvijek bila na\u010din izra\u017eavanja i izraz individualnosti, a to se posebno isti\u010de u \u0161kolskom okru\u017eenju. Odjevni stilovi u \u0161koli uvijek su bili tema razgovora, a moda u \u0161koli neprestano se mijenja.<\/p>\n<\/div>","protected":false},"author":3,"featured_media":0,"comment_status":"open","ping_status":"open","sticky":false,"template":"","format":"standard","meta":{"footnotes":""},"categories":[3,22],"tags":[],"class_list":["post-679","post","type-post","status-publish","format-standard","hentry","category-mioc-inside","category-trema-2022-2023"],"_links":{"self":[{"href":"https:\/\/skolskilist.trema.hr\/index.php?rest_route=\/wp\/v2\/posts\/679","targetHints":{"allow":["GET"]}}],"collection":[{"href":"https:\/\/skolskilist.trema.hr\/index.php?rest_route=\/wp\/v2\/posts"}],"about":[{"href":"https:\/\/skolskilist.trema.hr\/index.php?rest_route=\/wp\/v2\/types\/post"}],"author":[{"embeddable":true,"href":"https:\/\/skolskilist.trema.hr\/index.php?rest_route=\/wp\/v2\/users\/3"}],"replies":[{"embeddable":true,"href":"https:\/\/skolskilist.trema.hr\/index.php?rest_route=%2Fwp%2Fv2%2Fcomments&post=679"}],"version-history":[{"count":1,"href":"https:\/\/skolskilist.trema.hr\/index.php?rest_route=\/wp\/v2\/posts\/679\/revisions"}],"predecessor-version":[{"id":698,"href":"https:\/\/skolskilist.trema.hr\/index.php?rest_route=\/wp\/v2\/posts\/679\/revisions\/698"}],"wp:attachment":[{"href":"https:\/\/skolskilist.trema.hr\/index.php?rest_route=%2Fwp%2Fv2%2Fmedia&parent=679"}],"wp:term":[{"taxonomy":"category","embeddable":true,"href":"https:\/\/skolskilist.trema.hr\/index.php?rest_route=%2Fwp%2Fv2%2Fcategories&post=679"},{"taxonomy":"post_tag","embeddable":true,"href":"https:\/\/skolskilist.trema.hr\/index.php?rest_route=%2Fwp%2Fv2%2Ftags&post=679"}],"curies":[{"name":"wp","href":"https:\/\/api.w.org\/{rel}","templated":true}]}}