{"id":741,"date":"2024-02-06T13:01:58","date_gmt":"2024-02-06T12:01:58","guid":{"rendered":"https:\/\/skolskilist.trema.hr\/?p=741"},"modified":"2024-02-09T13:00:17","modified_gmt":"2024-02-09T12:00:17","slug":"putovanje-u-vukovar","status":"publish","type":"post","link":"https:\/\/skolskilist.trema.hr\/?p=741","title":{"rendered":"Putovanje u Vukovar"},"content":{"rendered":"<p>U studenom 2023.godine tre\u0107a\u0161i na\u0161e \u0161kole u pratnji profesorica Ane Gelo, Nede Kri\u017eanovi\u0107, Drinke Bedalov, Nele D\u017eelalija, Ivane Feri\u0107 i Alise Ru\u017ei\u0107 dobili su priliku do\u017eivjeti i vidjeti ono \u0161to zbog pandemije nisu mogli u 8. razredu, grad Vukovar.<\/p>\n<p>NAPISALE: Anastazia Gran\u010di\u0107, Tea Jakovac, Antonija Markovi\u0107, Lana Tudor, 3.b<\/p>\n<p><\/p>\n<p>Put do Vukovara bio je naporan zbog duge no\u0107ne vo\u017enje autobusom, no isplatilo se. U ranim jutarnjim satima stigli smo u grad heroja te krenuli u obilazak. Najprije u bolnicu u kojoj smo gledali film i razgledali podrum s rekonstrukcijama iz rata. Po izrazima na\u0161ih lica vidjelo se da smo potreseni. Zatim u Memorijalni centar Domovinskog rata Vukovar, vojarnu u kojoj smo imali priliku \u010duti predavanje o Bitci za Vukovar, a nju nam je ispri\u010dala djelatnica koja je i sama bila sudionik Domovinskog rata. Nakon predavanja shvatili smo koliko je zapravo rat bio brutalan te smo nemilosrdnost i mi sami osjetili dok smo \u0161etali replikom sprskog logora u kojem su oduzimali nevine \u017eivote. Nakon posjeta tzv. groblju tenkova, na\u0161 izlet se nastavlja razgledavanjem iz autobusa iz kojeg smo vidjeli Hangar u veleprometu koji je pretvoren u logor i sabirni centar za tisu\u0107e civila i branitelja. Zatim smo vo\u017enjom do Vodotornja vidjeli Kukuruzni put &#8211; put spasa o kojem nam je vodi\u010d ispri\u010dao zanimljivu pri\u010du o \u010dovjeku koji je uspio pobje\u0107i neprijateljima i sakriti se me\u0111u visokim kukuruzima. Popeli smo se na Vodotoranj i u\u017eivali u predivnoj panorami grada Vukovara. Poslije Vodotornja obi\u0161li smo Memorijalno groblje i Spomen dom Ov\u010daru na kojoj smo zapalili lampione i tako odali svoju po\u010dast svim \u017ertvama rata. Poslije ovog emotivno te\u0161kog dana u hostelu smo se zabavili igranjem raznih igara poput \u201cgrupa tra\u017ei grupu\u201d i \u201c\u010dorava baba\u201d.<\/p>\n<p>Drugi smo dan zapo\u010deli oko 7 ujutro s doru\u010dkom, zatim smo krenuli prema dvorcu Eltz u kojem je smje\u0161ten Gradski muzej Vukovar. Slijedila je kra\u0107a vo\u017enja Trpinjskom cestom na kojoj se nalazi Spomen dom hrvatskih branitelja u kojemu su na vi\u0161e malih ekrana bile prikazane vijesti iz doba rata. Malo prije podne ponovno smo se vratili u centar grada gdje smo u prolazu vidjeli manju i stariju verziju vodotornja. Zbog jakog vjetra nismo se puno zadr\u017eavali na sredi\u0161njem kri\u017eu na u\u0161\u0107u Vuke u Dunav. Uslijedilo je slobodno vrijeme i organiziran ru\u010dak te posjeti Muzeju Vu\u010dedolske kulture gdje nam je detaljno opisan na\u010din \u017eivota tijekom zna\u010dajne prapovijesne civilizacije. Poslije obilaska muzeja bilo je vrijeme za povratak ku\u0107i.<\/p>\n<p>Na ovom putovanju dobili smo puno bolju sliku kako je \u017eivot izgledao u vrijeme Domovinskog rata. Bilo je suza, ali i smijeha, a uz sve \u0161to smo nau\u010dili dobro smo se i zabavili te se zbli\u017eili s u\u010denicima tre\u0107ih razreda B smjene. Bilo je ovo jedno nezaboravno iskustvo koje se nadamo da \u0107e sljede\u0107e godine ponoviti i ovogodi\u0161nji druga\u0161i. <\/p>\n\n\n<figure class=\"wp-block-gallery has-nested-images columns-default is-cropped wp-block-gallery-1 is-layout-flex wp-block-gallery-is-layout-flex\">\n<figure class=\"wp-block-image size-large\"><img loading=\"lazy\" decoding=\"async\" width=\"1024\" height=\"1024\" data-id=\"743\" src=\"https:\/\/skolskilist.trema.hr\/wp-content\/uploads\/2024\/02\/WhatsApp-Image-2024-01-09-at-09.48.16-2-1024x1024.jpeg\" alt=\"\" class=\"wp-image-743\" srcset=\"https:\/\/skolskilist.trema.hr\/wp-content\/uploads\/2024\/02\/WhatsApp-Image-2024-01-09-at-09.48.16-2-1024x1024.jpeg 1024w, https:\/\/skolskilist.trema.hr\/wp-content\/uploads\/2024\/02\/WhatsApp-Image-2024-01-09-at-09.48.16-2-300x300.jpeg 300w, https:\/\/skolskilist.trema.hr\/wp-content\/uploads\/2024\/02\/WhatsApp-Image-2024-01-09-at-09.48.16-2-150x150.jpeg 150w, https:\/\/skolskilist.trema.hr\/wp-content\/uploads\/2024\/02\/WhatsApp-Image-2024-01-09-at-09.48.16-2-768x768.jpeg 768w, https:\/\/skolskilist.trema.hr\/wp-content\/uploads\/2024\/02\/WhatsApp-Image-2024-01-09-at-09.48.16-2.jpeg 1080w\" sizes=\"auto, (max-width: 1024px) 100vw, 1024px\" \/><\/figure>\n\n\n\n<figure class=\"wp-block-image size-large\"><img loading=\"lazy\" decoding=\"async\" width=\"1024\" height=\"1024\" data-id=\"744\" src=\"https:\/\/skolskilist.trema.hr\/wp-content\/uploads\/2024\/02\/WhatsApp-Image-2024-01-09-at-09.48.16-1-1024x1024.jpeg\" alt=\"\" class=\"wp-image-744\" srcset=\"https:\/\/skolskilist.trema.hr\/wp-content\/uploads\/2024\/02\/WhatsApp-Image-2024-01-09-at-09.48.16-1-1024x1024.jpeg 1024w, https:\/\/skolskilist.trema.hr\/wp-content\/uploads\/2024\/02\/WhatsApp-Image-2024-01-09-at-09.48.16-1-300x300.jpeg 300w, https:\/\/skolskilist.trema.hr\/wp-content\/uploads\/2024\/02\/WhatsApp-Image-2024-01-09-at-09.48.16-1-150x150.jpeg 150w, https:\/\/skolskilist.trema.hr\/wp-content\/uploads\/2024\/02\/WhatsApp-Image-2024-01-09-at-09.48.16-1-768x768.jpeg 768w, https:\/\/skolskilist.trema.hr\/wp-content\/uploads\/2024\/02\/WhatsApp-Image-2024-01-09-at-09.48.16-1.jpeg 1080w\" sizes=\"auto, (max-width: 1024px) 100vw, 1024px\" \/><\/figure>\n\n\n\n<figure class=\"wp-block-image size-large\"><img loading=\"lazy\" decoding=\"async\" width=\"1024\" height=\"1024\" data-id=\"742\" src=\"https:\/\/skolskilist.trema.hr\/wp-content\/uploads\/2024\/02\/WhatsApp-Image-2024-01-09-at-09.48.16-1024x1024.jpeg\" alt=\"\" class=\"wp-image-742\" srcset=\"https:\/\/skolskilist.trema.hr\/wp-content\/uploads\/2024\/02\/WhatsApp-Image-2024-01-09-at-09.48.16-1024x1024.jpeg 1024w, https:\/\/skolskilist.trema.hr\/wp-content\/uploads\/2024\/02\/WhatsApp-Image-2024-01-09-at-09.48.16-300x300.jpeg 300w, https:\/\/skolskilist.trema.hr\/wp-content\/uploads\/2024\/02\/WhatsApp-Image-2024-01-09-at-09.48.16-150x150.jpeg 150w, https:\/\/skolskilist.trema.hr\/wp-content\/uploads\/2024\/02\/WhatsApp-Image-2024-01-09-at-09.48.16-768x768.jpeg 768w, https:\/\/skolskilist.trema.hr\/wp-content\/uploads\/2024\/02\/WhatsApp-Image-2024-01-09-at-09.48.16.jpeg 1080w\" sizes=\"auto, (max-width: 1024px) 100vw, 1024px\" \/><\/figure>\n<\/figure>\n","protected":false},"excerpt":{"rendered":"<div class=\"mh-excerpt\"><p>U studenom 2023.godine tre\u0107a\u0161i na\u0161e \u0161kole u pratnji profesorica Ane Gelo, Nede Kri\u017eanovi\u0107, Drinke Bedalov, Nele D\u017eelalija, Ivane Feri\u0107 i Alise Ru\u017ei\u0107 dobili su priliku <a class=\"mh-excerpt-more\" href=\"https:\/\/skolskilist.trema.hr\/?p=741\" title=\"Putovanje u Vukovar\">[&#8230;]<\/a><\/p>\n<\/div>","protected":false},"author":3,"featured_media":755,"comment_status":"closed","ping_status":"closed","sticky":false,"template":"","format":"standard","meta":{"footnotes":""},"categories":[3,23],"tags":[],"class_list":["post-741","post","type-post","status-publish","format-standard","has-post-thumbnail","hentry","category-mioc-inside","category-trema-2023-2024"],"_links":{"self":[{"href":"https:\/\/skolskilist.trema.hr\/index.php?rest_route=\/wp\/v2\/posts\/741","targetHints":{"allow":["GET"]}}],"collection":[{"href":"https:\/\/skolskilist.trema.hr\/index.php?rest_route=\/wp\/v2\/posts"}],"about":[{"href":"https:\/\/skolskilist.trema.hr\/index.php?rest_route=\/wp\/v2\/types\/post"}],"author":[{"embeddable":true,"href":"https:\/\/skolskilist.trema.hr\/index.php?rest_route=\/wp\/v2\/users\/3"}],"replies":[{"embeddable":true,"href":"https:\/\/skolskilist.trema.hr\/index.php?rest_route=%2Fwp%2Fv2%2Fcomments&post=741"}],"version-history":[{"count":2,"href":"https:\/\/skolskilist.trema.hr\/index.php?rest_route=\/wp\/v2\/posts\/741\/revisions"}],"predecessor-version":[{"id":756,"href":"https:\/\/skolskilist.trema.hr\/index.php?rest_route=\/wp\/v2\/posts\/741\/revisions\/756"}],"wp:featuredmedia":[{"embeddable":true,"href":"https:\/\/skolskilist.trema.hr\/index.php?rest_route=\/wp\/v2\/media\/755"}],"wp:attachment":[{"href":"https:\/\/skolskilist.trema.hr\/index.php?rest_route=%2Fwp%2Fv2%2Fmedia&parent=741"}],"wp:term":[{"taxonomy":"category","embeddable":true,"href":"https:\/\/skolskilist.trema.hr\/index.php?rest_route=%2Fwp%2Fv2%2Fcategories&post=741"},{"taxonomy":"post_tag","embeddable":true,"href":"https:\/\/skolskilist.trema.hr\/index.php?rest_route=%2Fwp%2Fv2%2Ftags&post=741"}],"curies":[{"name":"wp","href":"https:\/\/api.w.org\/{rel}","templated":true}]}}