{"id":832,"date":"2024-06-21T01:36:18","date_gmt":"2024-06-20T23:36:18","guid":{"rendered":"https:\/\/skolskilist.trema.hr\/?p=832"},"modified":"2024-06-21T01:36:18","modified_gmt":"2024-06-20T23:36:18","slug":"o-ocuvanju-voda-u-portugalu-na-erasmus-projektu","status":"publish","type":"post","link":"https:\/\/skolskilist.trema.hr\/?p=832","title":{"rendered":"O O\u010cUVANJU VODA U PORTUGALU NA ERASMUS+ PROJEKTU"},"content":{"rendered":"\n<p>NAPISALE: Lucija Filipovi\u0107 Gr\u010di\u0107 i Chiara Mjeda, 1.a<\/p>\n\n\n\n<p>Prije i tijekom na\u0161ega sedmodnevnoga boravka u Portugalu proveli smo brojna istra\u017eivanja i nau\u010dili<br>mnogo toga o razini one\u010di\u0161\u0107enja te mjerama o\u010duvanja voda koje se provode u Portugalu, Poljskoj i<br>Hrvatskoj \u0161to je bila tema na\u0161ega projekta. Saznali smo o novim tehnologijama i istra\u017eivanjima koja<br>sprje\u010davaju i uvelike umanjuju one\u010di\u0161\u0107enje vode te kako svatko od nas mo\u017ee tome doprinijeti.<br>Posjet Portugalu po\u010deo je u nedjelju koja je bila rezervirana za dru\u017eenje s obitelji koja nas je ugostila.<br>Neki su dan proveli u obli\u017enjem ve\u0107em gradu Porto dok se ve\u0107ina ipak odlu\u010dila na Feira de Marco,<br>festival u sklopu kojega u grad dolazi zabavni park te brojni bendovi i pjeva\u010di.<br>Ponedjeljak je zapo\u010deo dobrodo\u0161licom gradona\u010delnika Aveira Ribau Estevesa i ravnatelja \u0161kole nakon<br>\u010dega smo imali kratku zakusku. Zatim smo se trebali me\u0111usobno upoznati u \u010demu su nam pomogle<br>brojne aktivnosti. Portugalci i Poljaci su nas u\u010dili svoje tradicionalne plesove, a mi smo tu aktivnost s<br>na\u0161e strane ipak ostavili za mobilnost u Hrvatskoj. Odigrali smo i jedan bingo, ali ovaj put u pitanju<br>nije bilo izvla\u010denje brojeva kako bi se dalo naslutiti ve\u0107 pronala\u017eenje osoba s odre\u0111enim osobinama i<br>zanimljivostima (hobiji, ljubimci, talenti\u2026) kroz \u0161to smo doznali puno toga jedni o drugima i zabavili<br>se. Nakon ru\u010dka u \u0161kolskoj kantini do\u0161lo je vrijeme predstavljanja dr\u017eava sudionika preko istra\u017eivanja<br>koja smo proveli, a vezana uz razinu one\u010di\u0161\u0107enja te politike i mjere o\u010duvanja voda u domovini.<br>Utorak je bio dan koji nam je posebno ostao u sje\u0107anju zato \u0161to smo ga proveli uz ocean. Vozili smo<br>kajak i sup u laguni Aveiro, a onda smo se zaputili na prekrasnu pje\u0161\u010danu pla\u017eu po imenu Barra koja<br>podsje\u0107a na Miami, kako je na\u0161 prijatelj domi\u0161ljato zaklju\u010dio. Kupali smo se, igrali odbojku, nogomet i<br>uno, upoznali dru\u0161tvo s drugog Erasmus+ projekta koji se tako\u0111er odr\u017eavao u isto vrijeme, a na kraju<br>smo jeli tripas \u2013 tradicionalno portugalsko jelo, nalik na\u0161im pala\u010dinkama (iako to ka\u017eete Portugalcu,<br>mogao bi vas prijekorno pogledati).<br>U srijedu smo slu\u0161ali predavanje na Odjelu za biologiju sveu\u010dili\u0161ta Aveiro o nanotehnologiji i<br>nanomaterijalima, \u0161to su oni zapravo, za\u0161to su nam va\u017eni te kako se koriste u svrhu pro\u010di\u0161\u0107avanja<br>voda. Nakon kratke pauze imali smo drugo predavanje \u010dija je tema bila cijanobakterije. Da, upravo<br>one koje su izgradile atmosferu, tj. neke od njih. Neke su nam korisne no pojedine su i razlog zelene i<br>ne\u010diste vode u na\u0161im vodama staja\u0107icama. Nau\u010dili smo da istra\u017eiva\u010dki rad nije rezerviran samo za<br>znanstvenike na institutima i sveu\u010dili\u0161tima ve\u0107 da svi ljudi mogu pomo\u0107i suzbijanju one\u010di\u0161\u0107enja tako<br>da sami ispitaju razinu istog u svom okru\u017eenju. Nakon predavanja uputili smo se u Parque da Macaca<br>gdje smo testirali razinu one\u010di\u0161\u0107enja vode tako da smo ispitali PH vrijednost, vidljivost i koli\u010dinu<br>razli\u010ditih kemijskih spojeva. Nakon pauze za ru\u010dak i slobodnog vremena s na\u0161im smo doma\u0107inima<br>obi\u0161li Aveira.<br>Sljede\u0107i dan bio je tako\u0111er pun novih iskustava. Prvi na dnevnom redu bio je obilazak punionice vode<br>Luso gdje smo svjedo\u010dili procesu punjenja vode u plasti\u010dne boce. Sljede\u0107i su bili Bu\u00e7aco vrtovi i<br>pala\u010da. Pala\u010da je izgra\u0111ena 1628. godine za redovnike, a danas je luksuzni hotel. U vrtovima smo<br>napravili piknik i u\u017eivali u ljepotama Bu\u00e7aca. Zatim smo oti\u0161li na mjesto gdje smo se uvjerili u<br>ljekovita svojstva vode, a to mjesto su Bu\u00e7aco toplice. Nakon razgledavanja upoznali smo bolje i selo<br>Luso u kojem se toplice nalaze. Pro\u0161etali smo, pojeli sladoled i uputili se natrag prema autobusu.<br>Petak, na na\u0161u \u017ealost posljednji dan ove mobilnosti, zapo\u010deo je s radionicom na kojoj smo<br>programirali robote u programskom jeziku C. Cilj je bio programirati robota tako da se kre\u0107e po crnoj zakrivljenoj liniji koja se nalazi na bijeloj pozadini, prikazana nam je prezentacija robota koji se rade i<br>programiraju na institutu kao \u0161to su roboti koji me\u0111usobno igraju nogomet.<br>Sa svojim smo doma\u0107inima prezentirali sve aktivnosti u kojima smo sudjelovali tijekom tjedna, na\u0161e<br>dojmove o njima te \u0161to smo sve novo nau\u010dili. Kako se polako nazirao zavr\u0161etak ovog putovanja, tu<br>ve\u010der imali smo opro\u0161tajnu ve\u010deru u \u0161kolskoj kantini, istom onom mjestu gdje smo \u010desto ru\u010dali. No<br>jo\u0161 nije do\u0161ao kraj budu\u0107i da smo se sa svojima doma\u0107inima uputili natrag na Feira de Mar\u00e7o<br>poslu\u0161ati koncert benda Hybrid Theory, tribute benda Linkin Parka. Stiglo je vrijeme za prve<br>opro\u0161taje od na\u0161ih prijatelja Poljaka jer smo znali da njih ne\u0107emo vidjeti sljede\u0107e jutro. Jako nam je<br>te\u0161ko palo oprostiti se od njih s kojima smo toliko toga pro\u017eivjeli i od tog predivnog grada Aveira u<br>kojeg bismo se svi voljeli nekada vratiti. Neke \u0107emo prijatelje sre\u0107om jo\u0161 vidjeti na mobilnosti u<br>Hrvatskoj, a ostale, nadamo se, nekom drugom prilikom.<br>U subotu ujutro krenuli smo prema ku\u0107i. Let od Porta do Splita uz presjedanje u Z\u00fcrichu. Pod<br>dojmom putovanja, tu\u017eni zbog odlaska, sretni zbog povratka ku\u0107i.<br>Portugalska gastronomija, s kojom se Portugalci jako \u010desto di\u010de razlikuje se od na\u0161e jer njihova su<br>jela puna za\u010dina i s manje ulja. Od tradicionalnih jela probali smo tripas, koje smo ve\u0107 ranije naveli,<br>francesinhu, koja dolazi iz Porta i neizostavni je dio njihovog jelovnika, ovos moles \u2013<br>najtradicionalnije jelo Aveira u obliku \u0161koljaka, napravljeno od \u017eumanjaka i \u0161e\u0107era i pastel de natu,<br>hrskave pite s nadjevom od jaja i mlijeka.<br>Mi\u0161ljenja smo da je Portugal jedna od dr\u017eava koju definitivno trebate posjetiti kako biste do\u017eivjeli<br>njihovu kulturu i gastronomiju. Neizmjerno smo zahvalni na prilici koju smo dobili, svemu onome \u0161to<br>smo nau\u010dili i novim prijateljstvima koja smo stvorili. Potaknuti ovim iskustvom i novim saznanjima<br>nastavit \u0107emo \u010diniti sve u na\u0161oj mo\u0107i kako bismo o\u010duvali svoja najve\u0107a blaga, vode i \u010ditav okoli\u0161.<\/p>\n\n\n\n<figure class=\"wp-block-gallery has-nested-images columns-default is-cropped wp-block-gallery-1 is-layout-flex wp-block-gallery-is-layout-flex\">\n<figure class=\"wp-block-image size-large\"><img loading=\"lazy\" decoding=\"async\" width=\"1024\" height=\"768\" data-id=\"833\" src=\"https:\/\/skolskilist.trema.hr\/wp-content\/uploads\/2024\/06\/WhatsApp-Image-2024-06-20-at-22.40.56-1-1024x768.jpeg\" alt=\"\" class=\"wp-image-833\" srcset=\"https:\/\/skolskilist.trema.hr\/wp-content\/uploads\/2024\/06\/WhatsApp-Image-2024-06-20-at-22.40.56-1-1024x768.jpeg 1024w, https:\/\/skolskilist.trema.hr\/wp-content\/uploads\/2024\/06\/WhatsApp-Image-2024-06-20-at-22.40.56-1-300x225.jpeg 300w, https:\/\/skolskilist.trema.hr\/wp-content\/uploads\/2024\/06\/WhatsApp-Image-2024-06-20-at-22.40.56-1-768x576.jpeg 768w, https:\/\/skolskilist.trema.hr\/wp-content\/uploads\/2024\/06\/WhatsApp-Image-2024-06-20-at-22.40.56-1-1536x1152.jpeg 1536w, https:\/\/skolskilist.trema.hr\/wp-content\/uploads\/2024\/06\/WhatsApp-Image-2024-06-20-at-22.40.56-1-678x509.jpeg 678w, https:\/\/skolskilist.trema.hr\/wp-content\/uploads\/2024\/06\/WhatsApp-Image-2024-06-20-at-22.40.56-1-326x245.jpeg 326w, https:\/\/skolskilist.trema.hr\/wp-content\/uploads\/2024\/06\/WhatsApp-Image-2024-06-20-at-22.40.56-1-80x60.jpeg 80w, https:\/\/skolskilist.trema.hr\/wp-content\/uploads\/2024\/06\/WhatsApp-Image-2024-06-20-at-22.40.56-1.jpeg 2032w\" sizes=\"auto, (max-width: 1024px) 100vw, 1024px\" \/><\/figure>\n\n\n\n<figure class=\"wp-block-image size-large\"><img loading=\"lazy\" decoding=\"async\" width=\"1024\" height=\"768\" data-id=\"835\" src=\"https:\/\/skolskilist.trema.hr\/wp-content\/uploads\/2024\/06\/WhatsApp-Image-2024-06-20-at-22.40.56-1024x768.jpeg\" alt=\"\" class=\"wp-image-835\" srcset=\"https:\/\/skolskilist.trema.hr\/wp-content\/uploads\/2024\/06\/WhatsApp-Image-2024-06-20-at-22.40.56-1024x768.jpeg 1024w, https:\/\/skolskilist.trema.hr\/wp-content\/uploads\/2024\/06\/WhatsApp-Image-2024-06-20-at-22.40.56-300x225.jpeg 300w, https:\/\/skolskilist.trema.hr\/wp-content\/uploads\/2024\/06\/WhatsApp-Image-2024-06-20-at-22.40.56-768x576.jpeg 768w, https:\/\/skolskilist.trema.hr\/wp-content\/uploads\/2024\/06\/WhatsApp-Image-2024-06-20-at-22.40.56-1536x1152.jpeg 1536w, https:\/\/skolskilist.trema.hr\/wp-content\/uploads\/2024\/06\/WhatsApp-Image-2024-06-20-at-22.40.56-678x509.jpeg 678w, https:\/\/skolskilist.trema.hr\/wp-content\/uploads\/2024\/06\/WhatsApp-Image-2024-06-20-at-22.40.56-326x245.jpeg 326w, https:\/\/skolskilist.trema.hr\/wp-content\/uploads\/2024\/06\/WhatsApp-Image-2024-06-20-at-22.40.56-80x60.jpeg 80w, https:\/\/skolskilist.trema.hr\/wp-content\/uploads\/2024\/06\/WhatsApp-Image-2024-06-20-at-22.40.56.jpeg 2000w\" sizes=\"auto, (max-width: 1024px) 100vw, 1024px\" \/><\/figure>\n\n\n\n<figure class=\"wp-block-image size-large\"><img loading=\"lazy\" decoding=\"async\" width=\"1024\" height=\"768\" data-id=\"834\" src=\"https:\/\/skolskilist.trema.hr\/wp-content\/uploads\/2024\/06\/WhatsApp-Image-2024-06-20-at-22.40.57-1-1024x768.jpeg\" alt=\"\" class=\"wp-image-834\" srcset=\"https:\/\/skolskilist.trema.hr\/wp-content\/uploads\/2024\/06\/WhatsApp-Image-2024-06-20-at-22.40.57-1-1024x768.jpeg 1024w, https:\/\/skolskilist.trema.hr\/wp-content\/uploads\/2024\/06\/WhatsApp-Image-2024-06-20-at-22.40.57-1-300x225.jpeg 300w, https:\/\/skolskilist.trema.hr\/wp-content\/uploads\/2024\/06\/WhatsApp-Image-2024-06-20-at-22.40.57-1-768x576.jpeg 768w, https:\/\/skolskilist.trema.hr\/wp-content\/uploads\/2024\/06\/WhatsApp-Image-2024-06-20-at-22.40.57-1-1536x1152.jpeg 1536w, https:\/\/skolskilist.trema.hr\/wp-content\/uploads\/2024\/06\/WhatsApp-Image-2024-06-20-at-22.40.57-1-678x509.jpeg 678w, https:\/\/skolskilist.trema.hr\/wp-content\/uploads\/2024\/06\/WhatsApp-Image-2024-06-20-at-22.40.57-1-326x245.jpeg 326w, https:\/\/skolskilist.trema.hr\/wp-content\/uploads\/2024\/06\/WhatsApp-Image-2024-06-20-at-22.40.57-1-80x60.jpeg 80w, https:\/\/skolskilist.trema.hr\/wp-content\/uploads\/2024\/06\/WhatsApp-Image-2024-06-20-at-22.40.57-1.jpeg 2032w\" sizes=\"auto, (max-width: 1024px) 100vw, 1024px\" \/><\/figure>\n<\/figure>\n","protected":false},"excerpt":{"rendered":"<div class=\"mh-excerpt\"><p>NAPISALE: Lucija Filipovi\u0107 Gr\u010di\u0107 i Chiara Mjeda, 1.a Prije i tijekom na\u0161ega sedmodnevnoga boravka u Portugalu proveli smo brojna istra\u017eivanja i nau\u010dilimnogo toga o razini <a class=\"mh-excerpt-more\" href=\"https:\/\/skolskilist.trema.hr\/?p=832\" title=\"O O\u010cUVANJU VODA U PORTUGALU NA ERASMUS+ PROJEKTU\">[&#8230;]<\/a><\/p>\n<\/div>","protected":false},"author":3,"featured_media":836,"comment_status":"open","ping_status":"open","sticky":false,"template":"","format":"standard","meta":{"footnotes":""},"categories":[3],"tags":[],"class_list":["post-832","post","type-post","status-publish","format-standard","has-post-thumbnail","hentry","category-mioc-inside"],"_links":{"self":[{"href":"https:\/\/skolskilist.trema.hr\/index.php?rest_route=\/wp\/v2\/posts\/832","targetHints":{"allow":["GET"]}}],"collection":[{"href":"https:\/\/skolskilist.trema.hr\/index.php?rest_route=\/wp\/v2\/posts"}],"about":[{"href":"https:\/\/skolskilist.trema.hr\/index.php?rest_route=\/wp\/v2\/types\/post"}],"author":[{"embeddable":true,"href":"https:\/\/skolskilist.trema.hr\/index.php?rest_route=\/wp\/v2\/users\/3"}],"replies":[{"embeddable":true,"href":"https:\/\/skolskilist.trema.hr\/index.php?rest_route=%2Fwp%2Fv2%2Fcomments&post=832"}],"version-history":[{"count":1,"href":"https:\/\/skolskilist.trema.hr\/index.php?rest_route=\/wp\/v2\/posts\/832\/revisions"}],"predecessor-version":[{"id":837,"href":"https:\/\/skolskilist.trema.hr\/index.php?rest_route=\/wp\/v2\/posts\/832\/revisions\/837"}],"wp:featuredmedia":[{"embeddable":true,"href":"https:\/\/skolskilist.trema.hr\/index.php?rest_route=\/wp\/v2\/media\/836"}],"wp:attachment":[{"href":"https:\/\/skolskilist.trema.hr\/index.php?rest_route=%2Fwp%2Fv2%2Fmedia&parent=832"}],"wp:term":[{"taxonomy":"category","embeddable":true,"href":"https:\/\/skolskilist.trema.hr\/index.php?rest_route=%2Fwp%2Fv2%2Fcategories&post=832"},{"taxonomy":"post_tag","embeddable":true,"href":"https:\/\/skolskilist.trema.hr\/index.php?rest_route=%2Fwp%2Fv2%2Ftags&post=832"}],"curies":[{"name":"wp","href":"https:\/\/api.w.org\/{rel}","templated":true}]}}